{"id":1476,"date":"2018-11-05T15:34:26","date_gmt":"2018-11-05T15:34:26","guid":{"rendered":"http:\/\/www.fcapa-valencia.org\/?p=1476"},"modified":"2018-11-12T15:57:00","modified_gmt":"2018-11-12T15:57:00","slug":"jornada-en-defensa-de-la-educacion-inclusiva","status":"publish","type":"post","link":"https:\/\/www.fcapa-valencia.org\/ca\/jornada-en-defensa-de-la-educacion-inclusiva\/","title":{"rendered":"Jornada en defensa de la Educaci\u00f3n Inclusiva"},"content":{"rendered":"<p style=\"text-align: justify;\">Os animamos a participar en la <strong>Jornada<\/strong> organizada, para el pr\u00f3ximo d\u00eda <strong>17 de noviembre<\/strong>, por el <strong>grupo de trabajo sobre educaci\u00f3n inclusiva<\/strong>, creado por <strong><em>FCAPA<\/em><\/strong> junto a <strong><em>ASINDOWN<\/em><\/strong> y otras entidades.<\/p>\n<p>&nbsp;<\/p>\n<p style=\"text-align: center;\"><a href=\"http:\/\/www.fcapa-valencia.org\/ca\/documentos\/jornada_educacion_inclusiva_17_noviembre.pdf\/\"><strong>JORNADA EN DEFENSA DE LA EDUCACI\u00d3N INCLUSIVA<\/strong><\/a><\/p>\n<p style=\"text-align: center;\"><a href=\"http:\/\/www.fcapa-valencia.org\/ca\/documentos\/jornada_educacion_inclusiva_17_noviembre.pdf\/\"><strong><em>DERECHO A LA EDUCACI\u00d3N INCLUSIVA \u00bfREALIDAD O FICCI\u00d3N?<\/em><\/strong><\/a><\/p>\n<p style=\"text-align: justify;\"><strong>D\u00cdA: <\/strong>17 DE NOVIEMBRE 2018. De 10 a 14 horas.<\/p>\n<p style=\"text-align: justify;\"><strong>LUGAR: ESIC<\/strong>. Av. de Blasco Ib\u00e1\u00f1ez, 55, 46021 Valencia.<\/p>\n<p style=\"text-align: justify;\"><strong>DIRIGIDO: <\/strong>Miembros de la comunidad educativa, familias, docentes, titulares, personal de colegios, profesionales del \u00e1mbito de la discapacidad y la inclusi\u00f3n; futuros docentes y estudiantes de otras titulaciones.<\/p>\n<p style=\"text-align: justify;\"><strong><em>APORTACI\u00d3N SOLIDARIA RECOMENDADA DE 5 EUROS PERSONA<\/em><\/strong><\/p>\n<p style=\"text-align: justify;\"><strong><em>DESARROLLO<\/em><\/strong><strong>:<\/strong><\/p>\n<p style=\"text-align: justify;\"><strong>9:30h<\/strong>. Recepci\u00f3n de participantes inscritos. <strong>(Se confirmar\u00e1 mediante lista de inscripci\u00f3n y aportaci\u00f3n recomendada).<\/strong><\/p>\n<p style=\"text-align: justify;\"><strong>10:00h PRESENTACI\u00d3N PONENCIA: Educaci\u00f3n Inclusiva como Derecho. D. Manuel \u00c1vila<\/strong>. Ex inspector de Educaci\u00f3n. Experto en educaci\u00f3n inclusiva.<\/p>\n<p style=\"text-align: justify;\"><strong>10:45h <\/strong>Turno de preguntas por parte de los asistentes.<\/p>\n<p style=\"text-align: justify;\"><strong>11:15h PAUSA CAF\u00c9 PARA TODAS LAS PERSONAS PARTICIPANTES.<\/strong><\/p>\n<p style=\"text-align: justify;\"><strong>11:45h MESA REDONDA<\/strong>: <strong>CLAVES PR\u00c1CTICAS PARA DEFENDER EL DERECHO A LA INCLUSI\u00d3N EDUCATIVA. <\/strong><\/p>\n<p style=\"text-align: justify;\"><strong>12:20h <\/strong>Turno de preguntas por parte de asistentes.<\/p>\n<p style=\"text-align: justify;\"><strong>13:00h Proyecci\u00f3n de cortometraje <em>DISTINTOS<\/em> Y MAKING OFF.<\/strong><\/p>\n<p>&nbsp;<\/p>\n<p style=\"text-align: justify;\"><strong><em>CUESTIONES ORGANIZATIVAS: <\/em><\/strong><\/p>\n<p style=\"text-align: justify;\">Habr\u00e1 servicio de guarder\u00eda, para ni\u00f1os y ni\u00f1as de hasta 7 a\u00f1os <strong>previa solicitud expresa a FCAPA <\/strong>(llamar <strong>antes de las 14 horas del D\u00cdA 12\/11\/2018<\/strong>, al <strong>961057089 <\/strong>o mandar un <em>e-mail <\/em>a <strong><a href=\"mailto:fcapa@fcapa-valencia.org\">fcapa@fcapa-valencia.org<\/a><\/strong>, indicando n\u00famero de ni\u00f1os\/as y edades, y si necesitan alguna atenci\u00f3n especial). <em>El servicio de guarder\u00eda, si hay confirmaci\u00f3n suficiente, ser\u00e1 ofrecido por personal de un servicio especializado en acompa\u00f1amiento y cangureo, <\/em><a href=\"https:\/\/www.facebook.com\/blauinclusio\/\">https:\/\/www.facebook.com\/blauinclusio\/<\/a> <strong><em>INSCRIPCIONES: <\/em><\/strong>Para la asistencia a cualquier acto de la jornada ser\u00e1 necesaria la inscripci\u00f3n al evento <strong>hasta el d\u00eda 12 de noviembre las 14:00 horas <\/strong>a trav\u00e9s de:<\/p>\n<p style=\"text-align: justify;\"><strong><a href=\"https:\/\/goo.gl\/forms\/AhQHDe8iRCJM1kt43\">https:\/\/goo.gl\/forms\/AhQHDe8iRCJM1kt43<\/a><\/strong> <em>*Inscripci\u00f3n hasta completar aforo.<\/em><\/p>\n<p style=\"text-align: justify;\"><strong><em>APORTACI\u00d3N SOLIDARIA RECOMENDADA: <\/em><\/strong><strong>5 euros.<\/strong> Incluye ponencias, pausa-caf\u00e9, servicio de guarder\u00eda y proyecci\u00f3n del cortometraje <em>DISTINTOS <\/em>y <em>making off<\/em>.<\/p>","protected":false},"excerpt":{"rendered":"<p>Os animamos a participar en la Jornada organizada, para el pr\u00f3ximo d\u00eda 17 de noviembre, por el grupo de trabajo sobre educaci\u00f3n inclusiva, creado por FCAPA junto a ASINDOWN y otras entidades. &nbsp; JORNADA EN DEFENSA DE LA EDUCACI\u00d3N INCLUSIVA DERECHO A LA EDUCACI\u00d3N INCLUSIVA \u00bfREALIDAD O FICCI\u00d3N? D\u00cdA: 17 DE NOVIEMBRE 2018. De 10 [&hellip;]<\/p>","protected":false},"author":3,"featured_media":1481,"comment_status":"open","ping_status":"open","sticky":false,"template":"","format":"standard","meta":{"footnotes":""},"categories":[24,20,15],"tags":[],"class_list":["post-1476","post","type-post","status-publish","format-standard","has-post-thumbnail","hentry","category-educacion","category-fcapa","category-formacion-de-padres"],"_links":{"self":[{"href":"https:\/\/www.fcapa-valencia.org\/ca\/wp-json\/wp\/v2\/posts\/1476","targetHints":{"allow":["GET"]}}],"collection":[{"href":"https:\/\/www.fcapa-valencia.org\/ca\/wp-json\/wp\/v2\/posts"}],"about":[{"href":"https:\/\/www.fcapa-valencia.org\/ca\/wp-json\/wp\/v2\/types\/post"}],"author":[{"embeddable":true,"href":"https:\/\/www.fcapa-valencia.org\/ca\/wp-json\/wp\/v2\/users\/3"}],"replies":[{"embeddable":true,"href":"https:\/\/www.fcapa-valencia.org\/ca\/wp-json\/wp\/v2\/comments?post=1476"}],"version-history":[{"count":6,"href":"https:\/\/www.fcapa-valencia.org\/ca\/wp-json\/wp\/v2\/posts\/1476\/revisions"}],"predecessor-version":[{"id":1485,"href":"https:\/\/www.fcapa-valencia.org\/ca\/wp-json\/wp\/v2\/posts\/1476\/revisions\/1485"}],"wp:featuredmedia":[{"embeddable":true,"href":"https:\/\/www.fcapa-valencia.org\/ca\/wp-json\/wp\/v2\/media\/1481"}],"wp:attachment":[{"href":"https:\/\/www.fcapa-valencia.org\/ca\/wp-json\/wp\/v2\/media?parent=1476"}],"wp:term":[{"taxonomy":"category","embeddable":true,"href":"https:\/\/www.fcapa-valencia.org\/ca\/wp-json\/wp\/v2\/categories?post=1476"},{"taxonomy":"post_tag","embeddable":true,"href":"https:\/\/www.fcapa-valencia.org\/ca\/wp-json\/wp\/v2\/tags?post=1476"}],"curies":[{"name":"wp","href":"https:\/\/api.w.org\/{rel}","templated":true}]}}