{"id":3553,"date":"2017-10-27T11:17:00","date_gmt":"2017-10-27T10:17:00","guid":{"rendered":"https:\/\/www.fcapa-valencia.org\/?p=3553"},"modified":"2023-10-27T11:34:18","modified_gmt":"2023-10-27T10:34:18","slug":"bases-concurso-de-felicitaciones","status":"publish","type":"post","link":"https:\/\/www.fcapa-valencia.org\/ca\/bases-concurso-de-felicitaciones\/","title":{"rendered":"Bases concurso de Felicitaciones"},"content":{"rendered":"<section  class='av_textblock_section av-lo8gljip-bac6f9f884d7a517ea9c59c60b9f3ba5'   itemscope=\"itemscope\" itemtype=\"https:\/\/schema.org\/BlogPosting\" itemprop=\"blogPost\" ><div class='avia_textblock'  itemprop=\"text\" ><p style=\"text-align: center;\"><strong>XXXV CONCURSO DE FELICITACIONES NAVIDE\u00d1AS<br \/>\n<\/strong><\/p>\n<p><strong>1. Participantes:<\/strong> Podr\u00e1n tomar parte en el mismo todos los alumnos de Educaci\u00f3n Primaria y ESO, de aquellos centros cuyas asociaciones de padres est\u00e9n integradas en esta Federaci\u00f3n.<\/p>\n<p><strong>2.<\/strong> Se formar\u00e1n cuatro grupos: GRUPO A con alumnos de 1\u00ba y 2\u00ba de Educaci\u00f3n Primaria, GRUPO B con alumnos de 3\u00ba y 4\u00ba de Educaci\u00f3n Primaria, GRUPO C con alumnos de 5\u00ba y 6\u00ba de Educaci\u00f3n Primaria y GRUPO D con alumnos de Educaci\u00f3n Secundaria Obligatoria.<\/p>\n<p><strong>3.<\/strong> El tama\u00f1o del dibujo ser\u00e1 en DIN A4, el color y procedimiento ser\u00e1n libres. Se valorar\u00e1 especialmente la introducci\u00f3n de motivos navide\u00f1os relacionados con nuestra tradici\u00f3n cultural. Con el fin de garantizar que el trabajo efectivamente sea realizado por el alumno se invita a los colegios a que lo promuevan en las clases de educaci\u00f3n art\u00edstica, al objeto de que todos los alumnos tengan las mismas oportunidades.<\/p>\n<p><strong>4. Plazo:<\/strong> La presentaci\u00f3n de los trabajos se realizar\u00e1 en la Secretar\u00eda de la Federaci\u00f3n hasta el <strong>5 de diciembre a las 19:00.<\/strong><\/p>\n<p><strong>5. <\/strong>Cada asociaci\u00f3n podr\u00e1 presentar <strong>un m\u00e1ximo de tres dibujos por cada grupo<\/strong>, indicado al dorso un lema y grupo al que concurre. Cada env\u00edo se acompa\u00f1ar\u00e1 con un sobre de la asociaci\u00f3n correspondiente, en cuyo interior constar\u00e1n los nombres de los lemas remitidos, la filiaci\u00f3n de los autores, y el curso de cada uno de ellos. Los trabajos que no aporten esta informaci\u00f3n quedar\u00e1n fuera de concurso.<\/p>\n<p><strong>6. Premios:<\/strong> Se conceder\u00e1n tres premios en cada uno de los grupos. Los trabajos quedar\u00e1n en propiedad de la Federaci\u00f3n, que se reserva el derecho a publicarlos e imprimirlos como felicitaci\u00f3n navide\u00f1a del pr\u00f3ximo a\u00f1o. Los trabajos presentados permanecer\u00e1n en la Federaci\u00f3n hasta el a\u00f1o siguiente en que, previa solicitud, se podr\u00e1n retirar por la Asociaci\u00f3n.<\/p>\n<p><strong>7.<\/strong> El jurado ser\u00e1 designado por la junta directiva de la Federaci\u00f3n, que resolver\u00e1 las cuestiones no incluidas en estas bases, siendo su fallo inapelable.<\/p>\n<p><strong>8. <\/strong>Si en cualquier categor\u00eda los trabajos no alcanzan la calidad necesaria, el jurado podr\u00e1 declarar los premios desiertos.<\/p>\n<p><strong>9. El fallo del jurado<\/strong> se har\u00e1 p\u00fablico el <strong>14 de diciembre<\/strong> y <strong>la entrega<\/strong> de premios tendr\u00e1 lugar en la sede de la Federaci\u00f3n los d\u00edas <strong>18, 19, 20 y 21 de diciembre en horario de 9:30 a 19:00 ininterrumpidamente y el viernes 22 de 9:00 a 13:00<\/strong>.<\/p>\n<p><strong>10.<\/strong> La participaci\u00f3n en este concurso implica la aceptaci\u00f3n \u00edntegra de estas bases.<\/p>\n<p>Valencia, octubre de 2023<\/p>\n<\/div><\/section>","protected":false},"excerpt":{"rendered":"","protected":false},"author":3,"featured_media":0,"comment_status":"open","ping_status":"open","sticky":false,"template":"","format":"standard","meta":{"footnotes":""},"categories":[31,22],"tags":[],"class_list":["post-3553","post","type-post","status-publish","format-standard","hentry","category-concursos","category-nuestras-apas"],"_links":{"self":[{"href":"https:\/\/www.fcapa-valencia.org\/ca\/wp-json\/wp\/v2\/posts\/3553","targetHints":{"allow":["GET"]}}],"collection":[{"href":"https:\/\/www.fcapa-valencia.org\/ca\/wp-json\/wp\/v2\/posts"}],"about":[{"href":"https:\/\/www.fcapa-valencia.org\/ca\/wp-json\/wp\/v2\/types\/post"}],"author":[{"embeddable":true,"href":"https:\/\/www.fcapa-valencia.org\/ca\/wp-json\/wp\/v2\/users\/3"}],"replies":[{"embeddable":true,"href":"https:\/\/www.fcapa-valencia.org\/ca\/wp-json\/wp\/v2\/comments?post=3553"}],"version-history":[{"count":2,"href":"https:\/\/www.fcapa-valencia.org\/ca\/wp-json\/wp\/v2\/posts\/3553\/revisions"}],"predecessor-version":[{"id":3561,"href":"https:\/\/www.fcapa-valencia.org\/ca\/wp-json\/wp\/v2\/posts\/3553\/revisions\/3561"}],"wp:attachment":[{"href":"https:\/\/www.fcapa-valencia.org\/ca\/wp-json\/wp\/v2\/media?parent=3553"}],"wp:term":[{"taxonomy":"category","embeddable":true,"href":"https:\/\/www.fcapa-valencia.org\/ca\/wp-json\/wp\/v2\/categories?post=3553"},{"taxonomy":"post_tag","embeddable":true,"href":"https:\/\/www.fcapa-valencia.org\/ca\/wp-json\/wp\/v2\/tags?post=3553"}],"curies":[{"name":"wp","href":"https:\/\/api.w.org\/{rel}","templated":true}]}}