{"id":47,"date":"2012-02-05T08:02:57","date_gmt":"2012-02-05T08:02:57","guid":{"rendered":"http:\/\/www.fcapa-valencia.org\/?p=47"},"modified":"2017-03-02T11:42:53","modified_gmt":"2017-03-02T11:42:53","slug":"entrevista-con-jose-oltra-arrufat-nuevo-presidente-de-la-fcapa","status":"publish","type":"post","link":"https:\/\/www.fcapa-valencia.org\/ca\/entrevista-con-jose-oltra-arrufat-nuevo-presidente-de-la-fcapa\/","title":{"rendered":"Entrevista con Jos\u00e9 Oltra Arrufat, nuevo presidente de la FCAPA"},"content":{"rendered":"<h3 style=\"text-align: justify;\"><strong><a href=\"http:\/\/www.fcapa-valencia.org\/wp-content\/uploads\/2012\/09\/presidente-fcapa-valencia.jpg\"><img loading=\"lazy\" decoding=\"async\" class=\"wp-image-51 alignleft\" title=\"presidente fcapa valencia\" src=\"http:\/\/www.fcapa-valencia.org\/wp-content\/uploads\/2012\/09\/presidente-fcapa-valencia.jpg\" alt=\"presidente fcapa valencia\" width=\"118\" height=\"146\" \/><\/a>\u00abCon simples parches no se arregla el fracaso escolar: urge un cambio radical y profundo\u201d<\/strong><\/h3>\n<p style=\"text-align: justify;\">Jos\u00e9 Oltra Arrufat est\u00e1 casado, tiene 50 a\u00f1os y es padre de una hija de 12 a\u00f1os. Conoce bien las problem\u00e1ticas en las escuelas porque es presidente de la ACPA del Colegio Sant\u00edsima Trinidad de Valencia y acaba de ser designado presidente de la Federaci\u00f3n Cat\u00f3lica de Asociaciones de Padres de Alumnos de Valencia, entidad de la que hasta ahora era vicepresidente.<\/p>\n<p style=\"text-align: justify;\">Tambi\u00e9n colabora en la catequesis familiar en la parroquia Santiago Ap\u00f3stol y Mar\u00eda Madre de la Iglesia. Es Licenciado en Psicolog\u00eda y m\u00e1ster en Ciencias del Matrimonio y la Familia por la UCV y el Pontificio Instituto Juan Pablo II, actualmente se forma en Orientaci\u00f3n Educativa.<\/p>\n<p style=\"text-align: justify;\">EVA ALCAYDE (PARAULA)<\/p>\n<p style=\"text-align: justify;\"><strong>Ha sido designado como presidente de la FCAPA, \u00bfC\u00f3mo afronta esta nueva etapa?<\/strong><\/p>\n<p style=\"text-align: justify;\">Es un gran reto que no ten\u00eda previsto, pero en virtud de los vigentes estatutos lo he asumido al ser el anterior vicepresidente. Lo afronto como un servicio a la Iglesia y a las familias, con mucha ilusi\u00f3n y ganas de trabajar duro, porque, como dir\u00eda santa Teresa de Jes\u00fas, \u201csoplan tiempos recios\u201d. Es una Responsabilidad que no asumo s\u00f3lo, la Federaci\u00f3n cuenta con un comprometido grupo de padres que quiere que todo su esfuerzo repercuta en nuestros hijos. Contamos tambi\u00e9n con la excelente labor realizada por mi predecesor, Nicol\u00e1s S\u00e1nchez, quien durante m\u00e1s de cuatro a\u00f1os ha presidido la FCAPA con encomiable entrega y abnegaci\u00f3n. S\u00f3lo tenemos palabras de agradecimiento por su meritoria labor.<\/p>\n<p style=\"text-align: justify;\"><strong>\u00bfA qu\u00e9 nuevos retos y problem\u00e1ticas se enfrenta?<\/strong><\/p>\n<p style=\"text-align: justify;\">El gran RETO, con may\u00fasculas, es acabar con la actual situaci\u00f3n de fracaso escolar. Hace falta un cambio de mentalidad en todos los agentes de la comunidad educativa: alumnos, padres, profesores. Tambi\u00e9n un cambio del sistema y de las pol\u00edticas educativas, para mejorar el rendimiento acad\u00e9mico y disminuir el abandono temprano del sistema educativo. Es necesario un cambio radical y profundo de nuestro sistema: los simples parches no podr\u00edan arreglar nada. La soluci\u00f3n, ante el fracaso escolar, es complicada. La responsabilidad es de todos, est\u00e1 en juego el futuro de nuestros hijos y de la sociedad.<\/p>\n<p style=\"text-align: justify;\"><strong>La FCAPA representa en la provincia de Valencia a unas 50.000 familias, es una gran responsabilidad.<\/strong><\/p>\n<p style=\"text-align: justify;\">Efectivamente, el principal papel de la Federaci\u00f3n es representar a las familias en sus relaciones con la administraci\u00f3n educativa, estando presentes en todos aquellos \u00f3rganos de representaci\u00f3n para aportar sus propuestas encaminadas a mejorar la calidad de ense\u00f1anza y defender, desde el respeto a las libertades de los ciudadanos, el modelo concertado confesional que han escogido para que sus hijos reciban en la vida escolar un tipo de formaci\u00f3n acorde con sus propias creencias y convicciones.<\/p>\n<p style=\"text-align: justify;\"><strong>\u00bfQu\u00e9 servicios ofrece FCAPA?<\/strong><\/p>\n<p style=\"text-align: justify;\">La Federaci\u00f3n est\u00e1 al servicio de las APAS. Esto supone no s\u00f3lo atender sus necesidades, sino en muchas ocasiones anticiparse a ellas, trabajando para que est\u00e9n informadas de los cambios educativos que se van produciendo, prest\u00e1ndoles el apoyo necesario con servicios efectivos que hagan m\u00e1s f\u00e1cil su labor. En este sentido, tenemos establecida una estructura administrativa, contable, jur\u00eddica, fiscal y formativa, que permite atender a las asociaciones de lunes a viernes. Contamos con un servicio de asesoramiento jur\u00eddico que nos permite defender sus intereses ante las diversas instancias en que estamos representados, y responder a todas sus dudas. Tambi\u00e9n disponemos de una amplia oferta formativa, para que las asociaciones puedan organizar charlas sobre los temas de mayor inter\u00e9s para los padres, siempre desde el Magisterio de la Iglesia, para lo cual contamos con profesionales cualificados. Otros servicios disponibles son el asesoramiento fiscal y contable para la gesti\u00f3n de las asociaciones, la tramitaci\u00f3n de seguros escolares, de protecci\u00f3n de datos o las subvenciones.<\/p>\n<p style=\"text-align: justify;\"><strong>La crisis econ\u00f3mica est\u00e1 afectando tambi\u00e9n a los colegios \u00bfCu\u00e1les son las perspectivas de futuro?<\/strong><\/p>\n<p style=\"text-align: justify;\">Lo que se ha producido es un retraso en el pago de obligaciones ya adquiridas por la Administraci\u00f3n. Este retraso ha llevado a muchos centros educativos a una situaci\u00f3n insostenible. En los centros concertados el problema es muy grave porque en ese cap\u00edtulo est\u00e1n incluidos los salarios del personal de administraci\u00f3n y servicios. Eso les dificulta abonar los salarios y las cuotas de la Seguridad Social del personal administrativo, de limpieza, conserjer\u00eda, etc. En algunos centros los docentes han renunciado a parte de su n\u00f3mina para poder pagar a este personal. En otros, se ha pedido a los padres que hicieran contribuciones voluntarias para cubrir algunos gastos corrientes. Desde FCAPA entendemos que la soluci\u00f3n no puede venir por ese camino, y que no es l\u00edcito poner a los colegios al borde del cierre por el impago del concierto. Los pagos reci\u00e9n realizados han permitido respirar algo m\u00e1s tranquila a la comunidad educativa, pero lo deseable es que se cumplan los compromisos del concierto para que se regularice una situaci\u00f3n que provoca cada d\u00eda en los centros m\u00e1s angustia, inquietud y frustraci\u00f3n.<\/p>\n<p style=\"text-align: justify;\"><strong>Hoy en d\u00eda, \u00bfhay verdadera libertad en la elecci\u00f3n de escuelas?, \u00bfpueden los padres elegir realmente el centro que desean para sus hijos?<\/strong><\/p>\n<p style=\"text-align: justify;\">En este momento no hay posibilidad real de elecci\u00f3n de centro educativo. Muchas familias no tienen m\u00e1s opci\u00f3n que llevar a sus hijos a un colegio que no quieren. Es el drama que viven muchos padres que, queriendo una educaci\u00f3n cat\u00f3lica y concertada para sus hijos, no tienen otra alternativa que matricularles en el colegio p\u00fablico que les asigna el Estado, porque no tienen puntos suficientes para acceder al centro que desean.<\/p>\n<p style=\"text-align: justify;\"><strong>La FCAPA est\u00e1 en contacto permanente con la realidad de las escuelas, \u00bfqu\u00e9 temas preocupan a los padres de los alumnos?<\/strong><\/p>\n<p style=\"text-align: justify;\">En primer lugar, el fracaso escolar, la calidad de la educaci\u00f3n que reciben nuestros hijos. Tambi\u00e9n la falta de libertad de elecci\u00f3n, no s\u00f3lo de centro escolar, sino tambi\u00e9n del tipo de educaci\u00f3n que desean para sus hijos. Y por otro lado, los intentos de adoctrinamiento y de imposiciones de la Administraci\u00f3n. En algunos casos, la falta de identificaci\u00f3n con el ideario y el car\u00e1cter propio del centro de algunas partes de la comunidad escolar.<\/p>\n<p align=\"right\">Publicada en el peri\u00f3dico semanal PARAULA<\/p>\n<p align=\"right\">N\u00ba 1.174 el 5 de febrero de 2012<\/p>\n<p>&nbsp;<\/p>","protected":false},"excerpt":{"rendered":"<p>\u00abCon simples parches no se arregla el fracaso escolar: urge un cambio radical y profundo\u201d Jos\u00e9 Oltra Arrufat est\u00e1 casado, tiene 50 a\u00f1os y es padre de una hija de 12 a\u00f1os. Conoce bien las problem\u00e1ticas en las escuelas porque es presidente de la ACPA del Colegio Sant\u00edsima Trinidad de Valencia y acaba de ser [&hellip;]<\/p>","protected":false},"author":4,"featured_media":51,"comment_status":"open","ping_status":"open","sticky":false,"template":"","format":"standard","meta":{"footnotes":""},"categories":[20],"tags":[],"class_list":["post-47","post","type-post","status-publish","format-standard","has-post-thumbnail","hentry","category-fcapa"],"_links":{"self":[{"href":"https:\/\/www.fcapa-valencia.org\/ca\/wp-json\/wp\/v2\/posts\/47","targetHints":{"allow":["GET"]}}],"collection":[{"href":"https:\/\/www.fcapa-valencia.org\/ca\/wp-json\/wp\/v2\/posts"}],"about":[{"href":"https:\/\/www.fcapa-valencia.org\/ca\/wp-json\/wp\/v2\/types\/post"}],"author":[{"embeddable":true,"href":"https:\/\/www.fcapa-valencia.org\/ca\/wp-json\/wp\/v2\/users\/4"}],"replies":[{"embeddable":true,"href":"https:\/\/www.fcapa-valencia.org\/ca\/wp-json\/wp\/v2\/comments?post=47"}],"version-history":[{"count":7,"href":"https:\/\/www.fcapa-valencia.org\/ca\/wp-json\/wp\/v2\/posts\/47\/revisions"}],"predecessor-version":[{"id":622,"href":"https:\/\/www.fcapa-valencia.org\/ca\/wp-json\/wp\/v2\/posts\/47\/revisions\/622"}],"wp:featuredmedia":[{"embeddable":true,"href":"https:\/\/www.fcapa-valencia.org\/ca\/wp-json\/wp\/v2\/media\/51"}],"wp:attachment":[{"href":"https:\/\/www.fcapa-valencia.org\/ca\/wp-json\/wp\/v2\/media?parent=47"}],"wp:term":[{"taxonomy":"category","embeddable":true,"href":"https:\/\/www.fcapa-valencia.org\/ca\/wp-json\/wp\/v2\/categories?post=47"},{"taxonomy":"post_tag","embeddable":true,"href":"https:\/\/www.fcapa-valencia.org\/ca\/wp-json\/wp\/v2\/tags?post=47"}],"curies":[{"name":"wp","href":"https:\/\/api.w.org\/{rel}","templated":true}]}}