{"id":613,"date":"2007-06-19T20:32:32","date_gmt":"2007-06-19T20:32:32","guid":{"rendered":"http:\/\/www.fcapa-valencia.org\/?p=613"},"modified":"2014-08-02T21:37:44","modified_gmt":"2014-08-02T21:37:44","slug":"nicolas-sanchez-nuevo-presidente-de-fcapa","status":"publish","type":"post","link":"https:\/\/www.fcapa-valencia.org\/ca\/nicolas-sanchez-nuevo-presidente-de-fcapa\/","title":{"rendered":"Nicol\u00e1s S\u00e1nchez, nuevo Presidente de FCAPA"},"content":{"rendered":"<p style=\"text-align: justify;\"><a href=\"http:\/\/www.fcapa-valencia.org\/wp-content\/uploads\/2007\/06\/Nicol\u00e1s.jpg\"><img loading=\"lazy\" decoding=\"async\" class=\"alignleft wp-image-627\" src=\"http:\/\/www.fcapa-valencia.org\/wp-content\/uploads\/2007\/06\/Nicol\u00e1s.jpg\" alt=\"Nicol\u00e1s\" width=\"106\" height=\"126\" \/><\/a><span style=\"color: #00371c; font-family: Verdana; font-size: 10pt;\">Nicol\u00e1s S\u00e1nchez Garc\u00eda, Presidente del APA del Colegio San Jos\u00e9 de Calasanz, estar\u00e1 al frente de la Federaci\u00f3n Cat\u00f3lica de Asociaciones de Padres de Familia de Alumnos de Valencia durante los pr\u00f3ximos cuatro a\u00f1os. As\u00ed lo decidi\u00f3 la Asamblea General, celebrada el pasado 19 de junio de 2007. Trabaja en la Sindicatura de Cuentas, est\u00e1 en la Comisi\u00f3n Diocesana Familia y Vida, es Profesor de Derecho en la Universidad Cat\u00f3lica, ha impartido cursos de formaci\u00f3n a profesores diocesanos, y es padre de familia numerosa.<\/span><\/p>\n<p style=\"text-align: center;\">*************************************************************************************<\/p>\n<p style=\"text-align: justify;\"><em>Como todos conoc\u00e9is, el pasado mes de junio se renov\u00f3 la junta directiva de la Federaci\u00f3n Cat\u00f3lica de Asociaciones de Padres de Alumnos de Valencia, despu\u00e9s de unos meses dif\u00edciles que finalizaron con la dimisi\u00f3n de la anterior junta. En cumplimento del compromiso que adquirimos en asamblea en que fuimos elegidos, estamos trabajando en diversos proyectos de futuro, con la finalidad de que las asociaciones que forman parte de la Federaci\u00f3n puedan tener unos servicios efectivos, que les ayuden al normal desarrollo de todas las actividades que desarrollan.<\/em><\/p>\n<p style=\"text-align: justify;\"><em>En este sentido, hemos establecido una estructura administrativa en la Federaci\u00f3n que permitir\u00e1 que podamos atenderos de lunes a viernes, tanto por la ma\u00f1ana como por la tarde. La reciente reincorporaci\u00f3n de Laura, que compartir\u00e1 el quehacer cotidiano de la Federaci\u00f3n con Pilar, nuestra particular \u201cmemoria hist\u00f3rica\u201d, permitir\u00e1 que podamos atender con prontitud todas vuestras solicitudes.<\/em><\/p>\n<p style=\"text-align: justify;\"><em>Se ha incorporado tambi\u00e9n a la Federaci\u00f3n Alejandro L\u00f3pez Oliva, abogado y profesor de la Universidad Cat\u00f3lica de Valencia, que nos ayudar\u00e1 a defender los intereses de nuestras asociaciones en las diversas instancias en que estamos representados y, sobre todo, facilitar\u00e1 una respuesta r\u00e1pida y precisa a todas las dudas jur\u00eddicas que se susciten en la vida diaria de nuestras asociaciones. Ser\u00e1 el asesor jur\u00eddico de la Federaci\u00f3n y de todas nuestras asociaciones.<\/em><\/p>\n<p style=\"text-align: justify;\"><em>Tambi\u00e9n estamos trabajando en la elaboraci\u00f3n de una propuesta de acciones formativas para los padres, que ser\u00e1 promovida y financiada por la Federaci\u00f3n. Nuestro objetivo es que todas las asociaciones tengan la oportunidad de organizar en los colegios charlas formativas sobre los temas de mayor inter\u00e9s para los padres, siempre desde el Magisterio de la Iglesia, para lo cual contaremos con profesionales cualificados, que nos puedan ayudar en la educaci\u00f3n de nuestros hijos.<\/em><\/p>\n<p style=\"text-align: justify;\"><em>Tenemos en marcha otros proyectos que estamos perfilando, como la necesidad de disponer de una completa p\u00e1gina web, que permita acceder a los documentos de mayor inter\u00e9s relacionados con la educaci\u00f3n en la Comunidad Valenciana y a cuentos modelos de escritos puedan ser necesarios para nuestras asociaciones; o la necesidad de promover encuentros peri\u00f3dicos de los presidentes de las asociaciones, con la finalidad de conocer vuestras inquietudes y necesidades.<\/em><\/p>\n<p style=\"text-align: justify;\"><em>El pasado 22 de septiembre tuvimos una reuni\u00f3n de presidentes y representantes de nuestras asociaciones, donde tuvimos la ocasi\u00f3n de contrastar los proyectos de la junta directiva con las necesidades reales de cada una las asociaciones. Es imprescindible que todos nos sintamos participes de la gesti\u00f3n de la Federaci\u00f3n y para ello es fundamental contar la opini\u00f3n de todos.<\/em><\/p>\n<p style=\"text-align: justify;\"><em>Nuestro mayor compromiso es que la Federaci\u00f3n sea un instrumento \u00fatil al servicio de las asociaciones cat\u00f3licas de padres de alumnos de Valencia. Con la finalidad de conseguir este objetivo vamos a intentar sacarle el m\u00e1ximo provecho a los ingresos de la Federaci\u00f3n, tanto los que provienen de las cuotas de nuestros asociados, como los que recibimos de las subvenciones que nos concede la Conselleria de Educaci\u00f3n.<\/em><\/p>\n<p style=\"text-align: justify;\"><em>Aprovecho la publicaci\u00f3n de este n\u00famero de la revista para ponerme a vuestra disposici\u00f3n. Necesitamos conocer vuestras necesidades y vuestras propuestas, que os aseguro ser\u00e1n valoradas por la junta directiva. Me tendr\u00e9is siempre a vuestra disposici\u00f3n para todas aquellas cuestiones que quer\u00e1is comentarme. Este es mi compromiso personal mientras sea Presidente de la Federaci\u00f3n y para ello estoy seguro que contar\u00e9 con vuestra ayuda.<\/em><\/p>\n<p style=\"text-align: justify;\"><em>Nicol\u00e1s S\u00e1nchez Garc\u00eda<\/em><\/p>\n<p style=\"text-align: justify;\"><em>Presidente de FCAPA<\/em><\/p>\n<p>&nbsp;<\/p>","protected":false},"excerpt":{"rendered":"<p>Nicol\u00e1s S\u00e1nchez Garc\u00eda, Presidente del APA del Colegio San Jos\u00e9 de Calasanz, estar\u00e1 al frente de la Federaci\u00f3n Cat\u00f3lica de Asociaciones de Padres de Familia de Alumnos de Valencia durante los pr\u00f3ximos cuatro a\u00f1os. As\u00ed lo decidi\u00f3 la Asamblea General, celebrada el pasado 19 de junio de 2007. Trabaja en la Sindicatura de Cuentas, est\u00e1 [&hellip;]<\/p>","protected":false},"author":4,"featured_media":627,"comment_status":"open","ping_status":"open","sticky":false,"template":"","format":"standard","meta":{"footnotes":""},"categories":[20],"tags":[],"class_list":["post-613","post","type-post","status-publish","format-standard","has-post-thumbnail","hentry","category-fcapa"],"_links":{"self":[{"href":"https:\/\/www.fcapa-valencia.org\/ca\/wp-json\/wp\/v2\/posts\/613","targetHints":{"allow":["GET"]}}],"collection":[{"href":"https:\/\/www.fcapa-valencia.org\/ca\/wp-json\/wp\/v2\/posts"}],"about":[{"href":"https:\/\/www.fcapa-valencia.org\/ca\/wp-json\/wp\/v2\/types\/post"}],"author":[{"embeddable":true,"href":"https:\/\/www.fcapa-valencia.org\/ca\/wp-json\/wp\/v2\/users\/4"}],"replies":[{"embeddable":true,"href":"https:\/\/www.fcapa-valencia.org\/ca\/wp-json\/wp\/v2\/comments?post=613"}],"version-history":[{"count":9,"href":"https:\/\/www.fcapa-valencia.org\/ca\/wp-json\/wp\/v2\/posts\/613\/revisions"}],"predecessor-version":[{"id":632,"href":"https:\/\/www.fcapa-valencia.org\/ca\/wp-json\/wp\/v2\/posts\/613\/revisions\/632"}],"wp:featuredmedia":[{"embeddable":true,"href":"https:\/\/www.fcapa-valencia.org\/ca\/wp-json\/wp\/v2\/media\/627"}],"wp:attachment":[{"href":"https:\/\/www.fcapa-valencia.org\/ca\/wp-json\/wp\/v2\/media?parent=613"}],"wp:term":[{"taxonomy":"category","embeddable":true,"href":"https:\/\/www.fcapa-valencia.org\/ca\/wp-json\/wp\/v2\/categories?post=613"},{"taxonomy":"post_tag","embeddable":true,"href":"https:\/\/www.fcapa-valencia.org\/ca\/wp-json\/wp\/v2\/tags?post=613"}],"curies":[{"name":"wp","href":"https:\/\/api.w.org\/{rel}","templated":true}]}}