{"id":832,"date":"2008-06-03T19:39:38","date_gmt":"2008-06-03T19:39:38","guid":{"rendered":"http:\/\/www.fcapa-valencia.org\/?p=832"},"modified":"2014-08-03T21:12:05","modified_gmt":"2014-08-03T21:12:05","slug":"escuela-de-padres-memoria-historica","status":"publish","type":"post","link":"https:\/\/www.fcapa-valencia.org\/ca\/escuela-de-padres-memoria-historica\/","title":{"rendered":"Escuela de padres, memoria hist\u00f3rica"},"content":{"rendered":"<p style=\"text-align: justify;\"><b><a href=\"http:\/\/www.fcapa-valencia.org\/wp-content\/uploads\/2014\/08\/marisa-fcapa.jpg\"><img loading=\"lazy\" decoding=\"async\" class=\"alignleft wp-image-833 size-thumbnail\" src=\"http:\/\/www.fcapa-valencia.org\/wp-content\/uploads\/2014\/08\/marisa-fcapa-150x150.jpg\" alt=\"Marisa\" width=\"150\" height=\"150\" \/><\/a><\/b>Hace poco le\u00ed en un libro una frase que me llam\u00f3 la atenci\u00f3n. La frase dec\u00eda: <b><i>\u201cLos buenos padres preparan a sus hijos para los aplausos, los padres brillantes preparan a sus hijos para los fracasos\u201d.<\/i><\/b><\/p>\n<p style=\"text-align: justify;\">Los padres tenemos esta tendencia a evitar a toda costa que nuestros hijos sufran. Podr\u00edamos decir que es algo innato, natural, \u00bfa qu\u00e9 padre no se le desgarra el coraz\u00f3n cuando ve a su hijo llorar sin consuelo?, \u00bfcu\u00e1ntos de nosotros preferir\u00edan cambiarse por sus hijos cada vez que estos se encuentran en una situaci\u00f3n que les puede provocar un sufrimiento, por peque\u00f1o que este sea?.<\/p>\n<p style=\"text-align: justify;\">Yo creo que el problema principal es que a los padres se nos han olvidado muchas cosas. La, tan de moda, \u201cmemoria hist\u00f3rica\u201d es un ejercicio fant\u00e1stico. \u00bfNadie se acuerda de su ni\u00f1ez?. \u00bfA cu\u00e1ntos de nosotros nuestros padres nos ataron a la pata de la cama para evitarnos una ca\u00edda de la bici, la burla de un compa\u00f1ero de clase, un 0 a 6 contra el colegio de al lado, un mal de amores o una mala elecci\u00f3n en los estudios? A ninguno \u00bfverdad?.<\/p>\n<p style=\"text-align: justify;\">Los hijos crecen (a veces m\u00e1s r\u00e1pido de lo que nos gustar\u00eda). Y este crecimiento es una crisis (de hecho, ambas palabras tienen etimol\u00f3gicamente la misma ra\u00edz), un cambio. Sin crisis no hay crecimiento, no hay progreso. Sin crisis todo se queda igual, se estanca, se empobrece. No creo que ning\u00fan padre quiera esto para sus hijos. Me niego a imaginar que alguien desee que su hijo tenga la edad mental de un ni\u00f1o de 7 a\u00f1os toda su vida. Este proceso de crecimiento es doloroso incluso f\u00edsicamente (\u00bfo nadie se acuerda ya de esos dolores en las rodillas, los tobillos y en todos los huesos cuando nuestro cuerpo empezaba a desarrollarse?), pero ese dolor f\u00edsico es necesario para que nuestro hijo madure tanto f\u00edsica como psicol\u00f3gicamente.<\/p>\n<p style=\"text-align: justify;\">Hoy en d\u00eda, los adultos nos quejamos de c\u00f3mo la sociedad actual con muchos de los valores que transmite, los medios de comunicaci\u00f3n, etc\u2026, se encargan de confundir a nuestros hijos vendi\u00e9ndoles la idea de que todo en esta vida se puede conseguir sin esfuerzo, sin el m\u00e1s m\u00ednimo sufrimiento. Pero lo peor de esto es que, los adultos\/padres estamos co-participando en esta mentira.<\/p>\n<p style=\"text-align: justify;\">No queremos que los peque\u00f1os sufran (\u00bfy si se \u201ctraumatizan\u201d?). A s\u00ed que ,muchas veces de manera inconsciente (y siempre creyendo que hacemos lo mejor para ellos), no les dejamos crecer, no les preparamos para el fracaso. Estamos creando generaciones de ni\u00f1os que no saben lo que es una frustraci\u00f3n, un \u201cno\u201d por respuesta. Esto es un verdadero problema.<\/p>\n<p style=\"text-align: justify;\">Mi conclusi\u00f3n es que durante el proceso de crecimiento de los hijos, los padres no somos meros espectadores sino que sufrimos de alguna manera, a la vez que ellos, otro crecimiento, otra crisis y es la de tener que dejar que tomen sus propias decisiones a\u00fan sabiendo que se est\u00e1n equivocando, que est\u00e1n tomando el camino m\u00e1s largo, que t\u00fa lo har\u00edas de otra manera. Es una sensaci\u00f3n de v\u00e9rtigo, de impotencia que para los cristianos s\u00f3lo se puede vencer si tienes la absoluta certeza de que no est\u00e1s s\u00f3lo en esta empresa, de que si Dios te ha hecho el inmenso regalo de ser padre \u00c9l te va a asistir en la tarea. Esta es mi experiencia.<\/p>","protected":false},"excerpt":{"rendered":"<p>Hace poco le\u00ed en un libro una frase que me llam\u00f3 la atenci\u00f3n. La frase dec\u00eda: \u201cLos buenos padres preparan a sus hijos para los aplausos, los padres brillantes preparan a sus hijos para los fracasos\u201d. Los padres tenemos esta tendencia a evitar a toda costa que nuestros hijos sufran. Podr\u00edamos decir que es algo [&hellip;]<\/p>","protected":false},"author":4,"featured_media":833,"comment_status":"open","ping_status":"open","sticky":false,"template":"","format":"standard","meta":{"footnotes":""},"categories":[15],"tags":[],"class_list":["post-832","post","type-post","status-publish","format-standard","has-post-thumbnail","hentry","category-formacion-de-padres"],"_links":{"self":[{"href":"https:\/\/www.fcapa-valencia.org\/ca\/wp-json\/wp\/v2\/posts\/832","targetHints":{"allow":["GET"]}}],"collection":[{"href":"https:\/\/www.fcapa-valencia.org\/ca\/wp-json\/wp\/v2\/posts"}],"about":[{"href":"https:\/\/www.fcapa-valencia.org\/ca\/wp-json\/wp\/v2\/types\/post"}],"author":[{"embeddable":true,"href":"https:\/\/www.fcapa-valencia.org\/ca\/wp-json\/wp\/v2\/users\/4"}],"replies":[{"embeddable":true,"href":"https:\/\/www.fcapa-valencia.org\/ca\/wp-json\/wp\/v2\/comments?post=832"}],"version-history":[{"count":1,"href":"https:\/\/www.fcapa-valencia.org\/ca\/wp-json\/wp\/v2\/posts\/832\/revisions"}],"predecessor-version":[{"id":834,"href":"https:\/\/www.fcapa-valencia.org\/ca\/wp-json\/wp\/v2\/posts\/832\/revisions\/834"}],"wp:featuredmedia":[{"embeddable":true,"href":"https:\/\/www.fcapa-valencia.org\/ca\/wp-json\/wp\/v2\/media\/833"}],"wp:attachment":[{"href":"https:\/\/www.fcapa-valencia.org\/ca\/wp-json\/wp\/v2\/media?parent=832"}],"wp:term":[{"taxonomy":"category","embeddable":true,"href":"https:\/\/www.fcapa-valencia.org\/ca\/wp-json\/wp\/v2\/categories?post=832"},{"taxonomy":"post_tag","embeddable":true,"href":"https:\/\/www.fcapa-valencia.org\/ca\/wp-json\/wp\/v2\/tags?post=832"}],"curies":[{"name":"wp","href":"https:\/\/api.w.org\/{rel}","templated":true}]}}