{"id":835,"date":"2008-06-03T19:44:49","date_gmt":"2008-06-03T19:44:49","guid":{"rendered":"http:\/\/www.fcapa-valencia.org\/?p=835"},"modified":"2014-08-03T21:09:51","modified_gmt":"2014-08-03T21:09:51","slug":"y-vio-dios-que-todo-era-bueno","status":"publish","type":"post","link":"https:\/\/www.fcapa-valencia.org\/ca\/y-vio-dios-que-todo-era-bueno\/","title":{"rendered":"\u00abY vio Dios que todo era bueno\u00bb"},"content":{"rendered":"<p style=\"text-align: justify;\"><b><img loading=\"lazy\" decoding=\"async\" class=\"alignleft wp-image-836 size-thumbnail\" src=\"http:\/\/www.fcapa-valencia.org\/wp-content\/uploads\/2014\/08\/vicentaRodriguezArroyo-150x150.jpg\" alt=\"Vicenta Rodr\u00edguez\" width=\"150\" height=\"150\" \/><\/b>El po\u00e9tico Libro del G\u00e9nesis nos relata la Creaci\u00f3n del mundo y aquella magn\u00edfica frase: \u201cY vio Dios que todo era bueno\u201d. Parece el final feliz de una historia de amor\u2026 y ciertamente lo era.<\/p>\n<p style=\"text-align: justify;\">Pero luego, una se levanta por la ma\u00f1ana a toque de despertador y comienza a correr: del ba\u00f1o a la cocina para preparar los desayunos, luego a levantar al mayor que no llega a tiempo al colegio, la peque\u00f1a ha tenido fiebre, a ver qui\u00e9n se la queda porque no puede ir a la Escuela Infantil\u2026 y as\u00ed hasta la noche, sin parar y viendo en los medios de comunicaci\u00f3n desgracia tras desgracia y una se pregunta con la crema de noche en la cara y el cuerpo molido de todo el d\u00eda \u00bfd\u00f3nde est\u00e1 lo bueno? \u00bfqu\u00e9 provecho le saco yo a este ajetreo diario?<\/p>\n<p style=\"text-align: justify;\">Y nosotros nos preguntamos d\u00f3nde est\u00e1 la lucha de nuestros hijos, cu\u00e1l es su campo de batalla diaria y d\u00f3nde est\u00e1 el espacio que los padres les dejamos para que se enfrenten.<\/p>\n<p style=\"text-align: justify;\">\u00bfDe verdad dejamos sitio a nuestros hijos para que ayuden, participen y colaboren en el hogar?<\/p>\n<p style=\"text-align: justify;\">Tenemos que propiciarles la suerte de tener la oportunidad de enfrentarse a situaciones donde puedan aprender y donde tengan la opci\u00f3n de ofrecer lo mejor de ellos mismos. En ocasiones nuestro exceso de mimo, de deseo de aliviarles cualquier tipo de dolor, de que no sufran por nada y ante nada, no es lo mejor que les podemos ofrecer.<\/p>\n<p style=\"text-align: justify;\">Por ello es muy importante aprender y educar en la \u201c<b>resiliencia<\/b>\u201d (hacer frente a las dificultades de la vida, superar las tensiones del mundo de hoy, desarrollar competencias sociales).<\/p>\n<p style=\"text-align: justify;\">La familia y la escuela pueden brindar el ambiente y las condiciones que promuevan la resiliencia o resistencia en los ni\u00f1os:<\/p>\n<p style=\"text-align: justify;\">\u00a8\u00a0Ayudarles a enriquecer las relaciones sociales, para que sean socialmente competentes, con unos fuertes v\u00ednculos positivos.<\/p>\n<p style=\"text-align: justify;\">\u00a8\u00a0Ense\u00f1arles habilidades para la vida: resoluci\u00f3n pac\u00edfica de conflictos, darles estrategias de asertividad y destrezas para buscar soluciones a los problemas.<\/p>\n<p style=\"text-align: justify;\">\u00a8\u00a0Poner l\u00edmites claros y firmes, normas cortas pero que se han de cumplir y todo ello aderezado con el afecto y el apoyo, que nunca est\u00e1n re\u00f1idos con la disciplina.<\/p>\n<p style=\"text-align: justify;\">\u00a8\u00a0Establecer para los hijos unas expectativas elevadas pero no imposibles de alcanzar. No se pueden sentir subestimados pero tampoco agobiados por un list\u00f3n inalcanzable.<\/p>\n<p style=\"text-align: justify;\">\u00a8\u00a0Acompa\u00f1ar al hijo para que sea firme en sus prop\u00f3sitos y que tenga una visi\u00f3n positiva de su futuro.<\/p>\n<p style=\"text-align: justify;\">Lejos de mi intenci\u00f3n est\u00e1 ofrecerle un recetario, pero son peque\u00f1as artima\u00f1as que bien utilizadas nos pueden ayudar a mejorar la resiliencia propia y la de nuestros hijos. Tal y como est\u00e1 nuestra sociedad hay que aprender en la universidad de la vida y ense\u00f1ar en la escuela del hogar.<\/p>\n<p style=\"text-align: justify;\">Las personas con alto nivel de resiliencia sacan el mejor partido a este mundo, no luchan contra los cambios, sino que tratan de influir en los acontecimientos de modo que las cosas salgan bien, se trata de reconducir las energ\u00edas para tratar de convertir las adversidades en circunstancias positivas.<\/p>\n<p style=\"text-align: justify;\">Aprender a leer la realidad y los acontecimientos, no s\u00f3lo vivirlos y sufrirlos o gozarlos, tambi\u00e9n reflexionarlos para sacar la sabidur\u00eda que encierran. La pr\u00f3xima vez, en lugar de encogerse y acobardarse, l\u00e1ncese a buscar soluciones distintas y creativas.<\/p>\n<p style=\"text-align: justify;\">As\u00ed al terminar el d\u00eda y revisar la jornada podr\u00e1 decir: \u201cy todo mi d\u00eda ha sido muy bueno\u201d.<\/p>\n<p style=\"text-align: right;\"><b>Vicenta Rodr\u00edguez Arroyo<br \/>\n<\/b>Presidenta de FERE-COVAL<\/p>","protected":false},"excerpt":{"rendered":"<p>El po\u00e9tico Libro del G\u00e9nesis nos relata la Creaci\u00f3n del mundo y aquella magn\u00edfica frase: \u201cY vio Dios que todo era bueno\u201d. Parece el final feliz de una historia de amor\u2026 y ciertamente lo era. Pero luego, una se levanta por la ma\u00f1ana a toque de despertador y comienza a correr: del ba\u00f1o a la [&hellip;]<\/p>","protected":false},"author":4,"featured_media":836,"comment_status":"open","ping_status":"open","sticky":false,"template":"","format":"standard","meta":{"footnotes":""},"categories":[24],"tags":[],"class_list":["post-835","post","type-post","status-publish","format-standard","has-post-thumbnail","hentry","category-educacion"],"_links":{"self":[{"href":"https:\/\/www.fcapa-valencia.org\/ca\/wp-json\/wp\/v2\/posts\/835","targetHints":{"allow":["GET"]}}],"collection":[{"href":"https:\/\/www.fcapa-valencia.org\/ca\/wp-json\/wp\/v2\/posts"}],"about":[{"href":"https:\/\/www.fcapa-valencia.org\/ca\/wp-json\/wp\/v2\/types\/post"}],"author":[{"embeddable":true,"href":"https:\/\/www.fcapa-valencia.org\/ca\/wp-json\/wp\/v2\/users\/4"}],"replies":[{"embeddable":true,"href":"https:\/\/www.fcapa-valencia.org\/ca\/wp-json\/wp\/v2\/comments?post=835"}],"version-history":[{"count":2,"href":"https:\/\/www.fcapa-valencia.org\/ca\/wp-json\/wp\/v2\/posts\/835\/revisions"}],"predecessor-version":[{"id":839,"href":"https:\/\/www.fcapa-valencia.org\/ca\/wp-json\/wp\/v2\/posts\/835\/revisions\/839"}],"wp:featuredmedia":[{"embeddable":true,"href":"https:\/\/www.fcapa-valencia.org\/ca\/wp-json\/wp\/v2\/media\/836"}],"wp:attachment":[{"href":"https:\/\/www.fcapa-valencia.org\/ca\/wp-json\/wp\/v2\/media?parent=835"}],"wp:term":[{"taxonomy":"category","embeddable":true,"href":"https:\/\/www.fcapa-valencia.org\/ca\/wp-json\/wp\/v2\/categories?post=835"},{"taxonomy":"post_tag","embeddable":true,"href":"https:\/\/www.fcapa-valencia.org\/ca\/wp-json\/wp\/v2\/tags?post=835"}],"curies":[{"name":"wp","href":"https:\/\/api.w.org\/{rel}","templated":true}]}}