{"id":838,"date":"2008-06-03T20:53:26","date_gmt":"2008-06-03T20:53:26","guid":{"rendered":"http:\/\/www.fcapa-valencia.org\/?p=838"},"modified":"2014-08-03T21:10:22","modified_gmt":"2014-08-03T21:10:22","slug":"la-familia-escuela-de-valores","status":"publish","type":"post","link":"https:\/\/www.fcapa-valencia.org\/ca\/la-familia-escuela-de-valores\/","title":{"rendered":"La Familia, escuela de valores"},"content":{"rendered":"<p style=\"text-align: justify;\"><img loading=\"lazy\" decoding=\"async\" class=\"alignleft wp-image-841 size-full\" src=\"http:\/\/www.fcapa-valencia.org\/wp-content\/uploads\/2008\/06\/recio.jpg\" alt=\"Recio\" width=\"110\" height=\"118\" \/>La familia es la instituci\u00f3n vital para la sociedad, por tanto, es tambi\u00e9n la primera escuela de valores sociales, que todas las sociedades necesitan. En ella debe favorecerse la formaci\u00f3n integra de los hijos. Los padres deben formar a los hijos, con confianza y valent\u00eda, en los valores esenciales de la vida humana.<\/p>\n<p style=\"text-align: justify;\">Es fundamental para una buena educaci\u00f3n, que exista di\u00e1logo y colaboraci\u00f3n entre familia y escuela. Si, en libertad, los padres optan por una formaci\u00f3n cristiana y eligen una escuela cat\u00f3lica, no deben ser obst\u00e1culo para las actividades de car\u00e1cter religioso que se programen en los colegios, sino que deben apoyarlas incluso con su asistencia. La incoherencia va contra la buena educaci\u00f3n.<\/p>\n<p style=\"text-align: justify;\">Nuestros j\u00f3venes est\u00e1n influidos por una sociedad hedonista, consumista y relativista. Hoy todo vale y el \u00fanico argumento que se esgrime es: \u201d esta es mi opini\u00f3n \u201c. No cuentan los valores del servicio, el agradecimiento, el esfuerzo, las buenas formas. . .<\/p>\n<p style=\"text-align: justify;\">Se mueven en una cultura muy superficial.<\/p>\n<p style=\"text-align: justify;\">\u00bfEn qu\u00e9 lugar han quedado las Humanidades? En una sociedad materialista y pragm\u00e1tica muchos se preguntan \u00bfpara qu\u00e9 sirve la Filosof\u00eda, \u00c9tica, Historia, Literatura, M\u00fasica. . .? (asignaturas a las que han reducido horas en el curr\u00edculum). Sin embargo estas materias son insustituibles. Y \u00bfel di\u00e1logo entre fe y cultura? No se puede entender nuestra Historia, nuestra literatura o el arte, si desconocemos el hecho religioso.<\/p>\n<p style=\"text-align: justify;\">Por lo tanto, es fundamental el estudio de la Religi\u00f3n o Historia de las religiones y no puede ser sustituido por una educaci\u00f3n para la ciudadan\u00eda.<\/p>\n<p style=\"text-align: justify;\">Ante la pregunta \u00bfQu\u00e9 tipo de ciudadanos queremos que sean nuestros hijos y alumnos?, la respuesta tendr\u00eda que ser : personas que busquen la paz y trabajen, desde sus profesiones, para conseguir un mundo mejor en el que predominen los valores de: justicia, libertad, verdad, bondad. . .<\/p>\n<p><b>Mar<\/b><b>\u00ed<\/b><b>a <\/b><b>Jes\u00fas Recio<\/b><\/p>\n<p>Profesora del Colegio Sant\u00edsima Trinidad de Valencia<\/p>\n<p>DECANA del Colegio Oficial de Doctores y Licenciados en Filosof\u00eda y Letras y en Ciencias de Valencia<\/p>\n<p>&nbsp;<\/p>","protected":false},"excerpt":{"rendered":"<p>La familia es la instituci\u00f3n vital para la sociedad, por tanto, es tambi\u00e9n la primera escuela de valores sociales, que todas las sociedades necesitan. En ella debe favorecerse la formaci\u00f3n integra de los hijos. Los padres deben formar a los hijos, con confianza y valent\u00eda, en los valores esenciales de la vida humana. Es fundamental [&hellip;]<\/p>","protected":false},"author":4,"featured_media":841,"comment_status":"open","ping_status":"open","sticky":false,"template":"","format":"standard","meta":{"footnotes":""},"categories":[24],"tags":[],"class_list":["post-838","post","type-post","status-publish","format-standard","has-post-thumbnail","hentry","category-educacion"],"_links":{"self":[{"href":"https:\/\/www.fcapa-valencia.org\/ca\/wp-json\/wp\/v2\/posts\/838","targetHints":{"allow":["GET"]}}],"collection":[{"href":"https:\/\/www.fcapa-valencia.org\/ca\/wp-json\/wp\/v2\/posts"}],"about":[{"href":"https:\/\/www.fcapa-valencia.org\/ca\/wp-json\/wp\/v2\/types\/post"}],"author":[{"embeddable":true,"href":"https:\/\/www.fcapa-valencia.org\/ca\/wp-json\/wp\/v2\/users\/4"}],"replies":[{"embeddable":true,"href":"https:\/\/www.fcapa-valencia.org\/ca\/wp-json\/wp\/v2\/comments?post=838"}],"version-history":[{"count":3,"href":"https:\/\/www.fcapa-valencia.org\/ca\/wp-json\/wp\/v2\/posts\/838\/revisions"}],"predecessor-version":[{"id":843,"href":"https:\/\/www.fcapa-valencia.org\/ca\/wp-json\/wp\/v2\/posts\/838\/revisions\/843"}],"wp:featuredmedia":[{"embeddable":true,"href":"https:\/\/www.fcapa-valencia.org\/ca\/wp-json\/wp\/v2\/media\/841"}],"wp:attachment":[{"href":"https:\/\/www.fcapa-valencia.org\/ca\/wp-json\/wp\/v2\/media?parent=838"}],"wp:term":[{"taxonomy":"category","embeddable":true,"href":"https:\/\/www.fcapa-valencia.org\/ca\/wp-json\/wp\/v2\/categories?post=838"},{"taxonomy":"post_tag","embeddable":true,"href":"https:\/\/www.fcapa-valencia.org\/ca\/wp-json\/wp\/v2\/tags?post=838"}],"curies":[{"name":"wp","href":"https:\/\/api.w.org\/{rel}","templated":true}]}}