{"id":844,"date":"2008-06-03T21:01:37","date_gmt":"2008-06-03T21:01:37","guid":{"rendered":"http:\/\/www.fcapa-valencia.org\/?p=844"},"modified":"2014-08-03T21:11:00","modified_gmt":"2014-08-03T21:11:00","slug":"hace-falta-la-clase-de-religion","status":"publish","type":"post","link":"https:\/\/www.fcapa-valencia.org\/ca\/hace-falta-la-clase-de-religion\/","title":{"rendered":"\u00bfHace falta la clase de religi\u00f3n?"},"content":{"rendered":"<p style=\"text-align: justify;\"><b><a href=\"http:\/\/www.fcapa-valencia.org\/wp-content\/uploads\/2014\/08\/lolo.jpg\"><img loading=\"lazy\" decoding=\"async\" class=\"alignleft wp-image-846 size-thumbnail\" src=\"http:\/\/www.fcapa-valencia.org\/wp-content\/uploads\/2014\/08\/lolo-103x150.jpg\" alt=\"Lolo\" width=\"103\" height=\"150\" \/><\/a><\/b>Actualmente, seg\u00fan la LOE en su disposici\u00f3n adicional segunda, \u201cse incluir\u00e1 la religi\u00f3n cat\u00f3lica como \u00e1rea o materia en los niveles educativos que corresponda, que ser\u00e1 de oferta obligatoria para los centros y de car\u00e1cter voluntario para los alumnos\u201d.<\/p>\n<p style=\"text-align: justify;\">Sin embargo los cambios que se est\u00e1n produciendo en nuestra sociedad proponen eliminar la formaci\u00f3n religiosa del sistema educativo. Deber\u00edamos reflexionar sobre esta idea.<\/p>\n<p style=\"text-align: justify;\">Como tantos otros, cuando mi mujer y yo nos casamos por la Iglesia aceptamos el compromiso de educar a nuestros posibles futuros hijos en la fe de la Iglesia Cat\u00f3lica. (Actualmente tenemos seis hijas).<\/p>\n<p style=\"text-align: justify;\">Estamos convencidos de que \u00e9ste es el legado m\u00e1s importante que podemos dejarles a ellas, por encima de unos estudios o de bienes materiales. La noticia m\u00e1s importante que pueden recibir es que Dios nos ama a todos sin l\u00edmite, hasta el extremo de entregar a su Hijo por nosotros, aun sabiendo como somos en realidad. Y que este amor lo recibimos gratuitamente, sin exigirnos nada a cambio.<\/p>\n<p style=\"text-align: justify;\">Sin tener en cuenta las creencias de cada uno, no se puede negar que vivimos en una sociedad que est\u00e1 impregnada de la cultura cat\u00f3lica. Privar a los ni\u00f1os de aprender el porqu\u00e9 de muchas de nuestras tradiciones es impedirles que se desarrollen de una forma completa.<\/p>\n<p style=\"text-align: justify;\">Que triste es, por ejemplo, que muchos compa\u00f1eros de mis hijas cuando van a un museo no sepan ni entiendan que es lo que est\u00e1n viendo o no entiendan el sentido de una pieza musical, y todo por falta de una cultura religiosa.<\/p>\n<p style=\"text-align: justify;\">Hay muchas cosas que se han hecho tan naturales en nuestro entorno como el concepto de semana, no trabajar los domingos, las vacaciones, nuestras fiestas y tradiciones culturales (Navidad, Semana Santa, Fallas, la Inmaculada, etc..), gran parte del arte, de la m\u00fasica y de la literatura, la dignidad de la mujer, el trato a los ni\u00f1os, el respeto al cuerpo, la fidelidad, el respeto a los mayores, la familia, etc. &#8230; que tienen un mismo origen.<\/p>\n<p style=\"text-align: justify;\">S\u00f3lo por curiosidad deber\u00edamos conocer el porqu\u00e9 de todo esto, pero es que adem\u00e1s la formaci\u00f3n religiosa aporta mucho m\u00e1s.<\/p>\n<p style=\"text-align: justify;\">La responsabilidad de la educaci\u00f3n de nuestras hijas es nuestra, y debe ser consecuente con nuestra forma de pensar y nuestras creencias. El hecho de que deleguemos la ense\u00f1anza en la escuela p\u00fablica (en nuestro caso) no puede provocar que tengamos que renunciar a nuestros criterios ni creencias. Este principio es v\u00e1lido para todo tipo de centro educativo. El estado tiene la obligaci\u00f3n de velar y respetar nuestros intereses. (Constituci\u00f3n Espa\u00f1ola, art\u00edculo 27.3)<\/p>\n<p style=\"text-align: justify;\">La clase de Religi\u00f3n no es una catequesis en su sentido literal, no debe confundirse con la preparaci\u00f3n para recibir determinados sacramentos, para esto est\u00e1 la parroquia. Lo cual no es impedimento para que si el centro escolar ofrece la preparaci\u00f3n para determinados sacramentos los padres se acojan a esta posibilidad, pero deben de estar perfectamente diferenciados los dos \u00e1mbitos: el docente y el catequ\u00e9tico.<\/p>\n<p style=\"text-align: justify;\">Al igual que todos los padres, tambi\u00e9n nosotros buscamos le mejor formaci\u00f3n para nuestros hijas. La asignatura de religi\u00f3n se incluye dentro de la formaci\u00f3n integral de la persona. La espiritualidad y los valores forman parte de nosotros y tienen un lugar importante, y estos se dan dentro de la asignatura de Religi\u00f3n. No podemos dar una formaci\u00f3n integral a nuestras hijas si excluimos partes fundamentales de su ser.<\/p>\n<p style=\"text-align: justify;\"><b>Manuel Tarragona Romero<\/b><br \/>\n<i>Arzobispado de Valencia<\/i><br \/>\n<i>Comisi\u00f3n de Ense\u00f1anza y Educaci\u00f3n Cat\u00f3lica<\/i><br \/>\n<i>Secretariado de Padres de la Delegaci\u00f3n de Ense\u00f1anza<\/i><\/p>","protected":false},"excerpt":{"rendered":"<p>Actualmente, seg\u00fan la LOE en su disposici\u00f3n adicional segunda, \u201cse incluir\u00e1 la religi\u00f3n cat\u00f3lica como \u00e1rea o materia en los niveles educativos que corresponda, que ser\u00e1 de oferta obligatoria para los centros y de car\u00e1cter voluntario para los alumnos\u201d. Sin embargo los cambios que se est\u00e1n produciendo en nuestra sociedad proponen eliminar la formaci\u00f3n religiosa [&hellip;]<\/p>","protected":false},"author":4,"featured_media":846,"comment_status":"open","ping_status":"open","sticky":false,"template":"","format":"standard","meta":{"footnotes":""},"categories":[24],"tags":[],"class_list":["post-844","post","type-post","status-publish","format-standard","has-post-thumbnail","hentry","category-educacion"],"_links":{"self":[{"href":"https:\/\/www.fcapa-valencia.org\/ca\/wp-json\/wp\/v2\/posts\/844","targetHints":{"allow":["GET"]}}],"collection":[{"href":"https:\/\/www.fcapa-valencia.org\/ca\/wp-json\/wp\/v2\/posts"}],"about":[{"href":"https:\/\/www.fcapa-valencia.org\/ca\/wp-json\/wp\/v2\/types\/post"}],"author":[{"embeddable":true,"href":"https:\/\/www.fcapa-valencia.org\/ca\/wp-json\/wp\/v2\/users\/4"}],"replies":[{"embeddable":true,"href":"https:\/\/www.fcapa-valencia.org\/ca\/wp-json\/wp\/v2\/comments?post=844"}],"version-history":[{"count":1,"href":"https:\/\/www.fcapa-valencia.org\/ca\/wp-json\/wp\/v2\/posts\/844\/revisions"}],"predecessor-version":[{"id":847,"href":"https:\/\/www.fcapa-valencia.org\/ca\/wp-json\/wp\/v2\/posts\/844\/revisions\/847"}],"wp:featuredmedia":[{"embeddable":true,"href":"https:\/\/www.fcapa-valencia.org\/ca\/wp-json\/wp\/v2\/media\/846"}],"wp:attachment":[{"href":"https:\/\/www.fcapa-valencia.org\/ca\/wp-json\/wp\/v2\/media?parent=844"}],"wp:term":[{"taxonomy":"category","embeddable":true,"href":"https:\/\/www.fcapa-valencia.org\/ca\/wp-json\/wp\/v2\/categories?post=844"},{"taxonomy":"post_tag","embeddable":true,"href":"https:\/\/www.fcapa-valencia.org\/ca\/wp-json\/wp\/v2\/tags?post=844"}],"curies":[{"name":"wp","href":"https:\/\/api.w.org\/{rel}","templated":true}]}}